   {"id":796,"date":"2024-02-29T14:49:43","date_gmt":"2024-02-29T19:49:43","guid":{"rendered":"http:\/\/siteccrm:8080\/?p=796"},"modified":"2024-04-19T09:33:16","modified_gmt":"2024-04-19T13:33:16","slug":"liens-utiles","status":"publish","type":"post","link":"https:\/\/ccrm-mtl.com\/ccrm\/liens-utiles\/","title":{"rendered":"Liens utiles"},"content":{"rendered":"\n<ul class=\"wp-block-list\">\n<li><a href=\"http:\/\/ville.montreal.qc.ca\/\" target=\"_blank\" rel=\"noreferrer noopener\">Ville de Montr\u00e9al<\/a>\n<ul class=\"wp-block-list\">\n<li><a href=\"http:\/\/www.retraitemontreal.qc.ca\/\" target=\"_blank\" rel=\"noreferrer noopener\">Bureau des r\u00e9gimes de retraite de Montr\u00e9al<\/a><\/li>\n<\/ul>\n<\/li>\n\n\n\n<li><a href=\"https:\/\/www.quebec.ca\/\" target=\"_blank\" rel=\"noreferrer noopener\">Gouvernement du Qu\u00e9bec<\/a>\n<ul class=\"wp-block-list\">\n<li><a href=\"http:\/\/www.quebecmunicipal.qc.ca\/\" target=\"_blank\" rel=\"noreferrer noopener\">Inforoute Municipale<\/a><\/li>\n\n\n\n<li><a href=\"http:\/\/www.mamh.gouv.qc.ca\/\" target=\"_blank\" rel=\"noreferrer noopener\">Minist\u00e8re des Affaires municipales et de l\u2019habitation<\/a><\/li>\n<\/ul>\n<\/li>\n\n\n\n<li><a href=\"https:\/\/www.canada.ca\/fr.html\">Gouvernement du Canada<\/a>\n<ul class=\"wp-block-list\">\n<li><a href=\"https:\/\/www.canada.ca\/fr\/emploi-developpement-social\/campagne\/aines.html\" data-type=\"attachment\" data-id=\"936\" target=\"_blank\" rel=\"noreferrer noopener\">Renseignements du gouvernement du Canada<\/a><\/li>\n<\/ul>\n<\/li>\n\n\n\n<li>Associations\n<ul class=\"wp-block-list\">\n<li><a href=\"http:\/\/acmm.qc.ca\" target=\"_blank\" rel=\"noreferrer noopener\">Association des cadres municipaux de Montr\u00e9al<\/a><\/li>\n\n\n\n<li><a href=\"http:\/\/www.aervm.org\/\" target=\"_blank\" rel=\"noreferrer noopener\">Association des employ\u00e9s retrait\u00e9s de la Ville de Montr\u00e9al<\/a><\/li>\n\n\n\n<li><a href=\"https:\/\/arasq.com\/\" target=\"_blank\" rel=\"noreferrer noopener\">Association de la Retraite et des Avantages Sociaux du Qu\u00e9bec (L\u2019ARASQ)<\/a><\/li>\n\n\n\n<li><a href=\"http:\/\/www.fadoq.ca\/reseau\/\" target=\"_blank\" rel=\"noreferrer noopener\">R\u00e9seau FADOQ<\/a><\/li>\n<\/ul>\n<\/li>\n<\/ul>\n","protected":false},"excerpt":{"rendered":"","protected":false},"author":2,"featured_media":1022,"comment_status":"open","ping_status":"closed","sticky":false,"template":"","format":"standard","meta":{"_acf_changed":false,"footnotes":""},"categories":[4],"tags":[],"class_list":["post-796","post","type-post","status-publish","format-standard","has-post-thumbnail","hentry","category-documents"],"acf":{"banniere_arriereplan":1050,"banniere_soustitre":""},"_links":{"self":[{"href":"https:\/\/ccrm-mtl.com\/ccrm\/wp-json\/wp\/v2\/posts\/796","targetHints":{"allow":["GET"]}}],"collection":[{"href":"https:\/\/ccrm-mtl.com\/ccrm\/wp-json\/wp\/v2\/posts"}],"about":[{"href":"https:\/\/ccrm-mtl.com\/ccrm\/wp-json\/wp\/v2\/types\/post"}],"author":[{"embeddable":true,"href":"https:\/\/ccrm-mtl.com\/ccrm\/wp-json\/wp\/v2\/users\/2"}],"replies":[{"embeddable":true,"href":"https:\/\/ccrm-mtl.com\/ccrm\/wp-json\/wp\/v2\/comments?post=796"}],"version-history":[{"count":4,"href":"https:\/\/ccrm-mtl.com\/ccrm\/wp-json\/wp\/v2\/posts\/796\/revisions"}],"predecessor-version":[{"id":1203,"href":"https:\/\/ccrm-mtl.com\/ccrm\/wp-json\/wp\/v2\/posts\/796\/revisions\/1203"}],"wp:featuredmedia":[{"embeddable":true,"href":"https:\/\/ccrm-mtl.com\/ccrm\/wp-json\/wp\/v2\/media\/1022"}],"wp:attachment":[{"href":"https:\/\/ccrm-mtl.com\/ccrm\/wp-json\/wp\/v2\/media?parent=796"}],"wp:term":[{"taxonomy":"category","embeddable":true,"href":"https:\/\/ccrm-mtl.com\/ccrm\/wp-json\/wp\/v2\/categories?post=796"},{"taxonomy":"post_tag","embeddable":true,"href":"https:\/\/ccrm-mtl.com\/ccrm\/wp-json\/wp\/v2\/tags?post=796"}],"curies":[{"name":"wp","href":"https:\/\/api.w.org\/{rel}","templated":true}]}}